{"id":4149,"date":"2020-10-15T12:20:33","date_gmt":"2020-10-15T12:20:33","guid":{"rendered":"https:\/\/www.nataliapancec.ro\/?p=4149"},"modified":"2021-01-06T22:47:50","modified_gmt":"2021-01-06T22:47:50","slug":"recital-cameral-natalia-pancec-adriana-toacsen-kamaraestje","status":"publish","type":"post","link":"https:\/\/www.nataliapancec.ro\/index.php\/2020\/10\/15\/recital-cameral-natalia-pancec-adriana-toacsen-kamaraestje\/","title":{"rendered":"Recital cameral Natalia Pancec &#038; Adriana Toacsen kamaraestje"},"content":{"rendered":"\t\t<div data-elementor-type=\"wp-post\" data-elementor-id=\"4149\" class=\"elementor elementor-4149\" data-elementor-settings=\"[]\">\n\t\t\t\t\t\t<div class=\"elementor-inner\">\n\t\t\t\t\t\t\t<div class=\"elementor-section-wrap\">\n\t\t\t\t\t\t\t<section class=\"elementor-section elementor-top-section elementor-element elementor-element-21a45125 no_padding elementor-section-boxed elementor-section-height-default elementor-section-height-default\" data-id=\"21a45125\" data-element_type=\"section\">\n\t\t\t\t\t\t<div class=\"elementor-container elementor-column-gap-default\">\n\t\t\t\t\t\t\t<div class=\"elementor-row\">\n\t\t\t\t\t<div class=\"elementor-column elementor-col-25 elementor-top-column elementor-element elementor-element-69e45210 animated-fast elementor-invisible\" data-id=\"69e45210\" data-element_type=\"column\" data-settings=\"{&quot;animation&quot;:&quot;fadeInUp&quot;}\">\n\t\t\t<div class=\"elementor-column-wrap elementor-element-populated\">\n\t\t\t\t\t\t\t<div class=\"elementor-widget-wrap\">\n\t\t\t\t\t\t<div class=\"elementor-element elementor-element-a7ecfb3 elementor-widget elementor-widget-heading\" data-id=\"a7ecfb3\" data-element_type=\"widget\" data-widget_type=\"heading.default\">\n\t\t\t\t<div class=\"elementor-widget-container\">\n\t\t\t<span class=\"elementor-heading-title elementor-size-default\">19<\/span>\t\t<\/div>\n\t\t\t\t<\/div>\n\t\t\t\t\t\t<\/div>\n\t\t\t\t\t<\/div>\n\t\t<\/div>\n\t\t\t\t<div class=\"elementor-column elementor-col-25 elementor-top-column elementor-element elementor-element-5205cecf animated-fast elementor-invisible\" data-id=\"5205cecf\" data-element_type=\"column\" data-settings=\"{&quot;animation&quot;:&quot;fadeInUp&quot;,&quot;animation_delay&quot;:50}\">\n\t\t\t<div class=\"elementor-column-wrap elementor-element-populated\">\n\t\t\t\t\t\t\t<div class=\"elementor-widget-wrap\">\n\t\t\t\t\t\t<div class=\"elementor-element elementor-element-e3ad153 elementor-widget elementor-widget-heading\" data-id=\"e3ad153\" data-element_type=\"widget\" data-widget_type=\"heading.default\">\n\t\t\t\t<div class=\"elementor-widget-container\">\n\t\t\t<span class=\"elementor-heading-title elementor-size-default\">Octombrie<\/span>\t\t<\/div>\n\t\t\t\t<\/div>\n\t\t\t\t<div class=\"elementor-element elementor-element-3c4f0a9c elementor-widget elementor-widget-heading\" data-id=\"3c4f0a9c\" data-element_type=\"widget\" data-widget_type=\"heading.default\">\n\t\t\t\t<div class=\"elementor-widget-container\">\n\t\t\t<span class=\"elementor-heading-title elementor-size-default\">2020<\/span>\t\t<\/div>\n\t\t\t\t<\/div>\n\t\t\t\t\t\t<\/div>\n\t\t\t\t\t<\/div>\n\t\t<\/div>\n\t\t\t\t<div class=\"elementor-column elementor-col-25 elementor-top-column elementor-element elementor-element-18a9f4c7 animated-fast elementor-invisible\" data-id=\"18a9f4c7\" data-element_type=\"column\" data-settings=\"{&quot;animation&quot;:&quot;fadeInUp&quot;,&quot;animation_delay&quot;:100}\">\n\t\t\t<div class=\"elementor-column-wrap elementor-element-populated\">\n\t\t\t\t\t\t\t<div class=\"elementor-widget-wrap\">\n\t\t\t\t\t\t<div class=\"elementor-element elementor-element-10cf7dee elementor-widget elementor-widget-heading\" data-id=\"10cf7dee\" data-element_type=\"widget\" data-widget_type=\"heading.default\">\n\t\t\t\t<div class=\"elementor-widget-container\">\n\t\t\t<h1 class=\"elementor-heading-title elementor-size-default\">Institutul Cultural Maghiar Bucure\u0219ti<\/h1>\t\t<\/div>\n\t\t\t\t<\/div>\n\t\t\t\t<div class=\"elementor-element elementor-element-72966a3f elementor-align-left elementor-widget elementor-widget-button\" data-id=\"72966a3f\" data-element_type=\"widget\" data-widget_type=\"button.default\">\n\t\t\t\t<div class=\"elementor-widget-container\">\n\t\t\t\t\t<div class=\"elementor-button-wrapper\">\n\t\t\t<a href=\"https:\/\/goo.gl\/maps\/zwZR74KVusyiFPUq8\" target=\"_blank\" class=\"elementor-button-link elementor-button elementor-size-sm\" role=\"button\">\n\t\t\t\t\t\t<span class=\"elementor-button-content-wrapper\">\n\t\t\t\t\t\t<span class=\"elementor-button-icon elementor-align-icon-left\">\n\t\t\t\t<i aria-hidden=\"true\" class=\"fas fa-map-marker-alt\"><\/i>\t\t\t<\/span>\n\t\t\t\t\t\t<span class=\"elementor-button-text\">Str. Gina Patrichi (fosta Orlando), nr.8, Bucharest<\/span>\n\t\t<\/span>\n\t\t\t\t\t<\/a>\n\t\t<\/div>\n\t\t\t\t<\/div>\n\t\t\t\t<\/div>\n\t\t\t\t\t\t<\/div>\n\t\t\t\t\t<\/div>\n\t\t<\/div>\n\t\t\t\t<div class=\"elementor-column elementor-col-25 elementor-top-column elementor-element elementor-element-f93e7aa animated-fast elementor-invisible\" data-id=\"f93e7aa\" data-element_type=\"column\" data-settings=\"{&quot;animation&quot;:&quot;fadeInUp&quot;,&quot;animation_delay&quot;:250}\">\n\t\t\t<div class=\"elementor-column-wrap elementor-element-populated\">\n\t\t\t\t\t\t\t<div class=\"elementor-widget-wrap\">\n\t\t\t\t\t\t<div class=\"elementor-element elementor-element-4af40707 elementor-align-center buy_ticket elementor-widget elementor-widget-button\" data-id=\"4af40707\" data-element_type=\"widget\" data-widget_type=\"button.default\">\n\t\t\t\t<div class=\"elementor-widget-container\">\n\t\t\t\t\t<div class=\"elementor-button-wrapper\">\n\t\t\t<a href=\"http:\/\/www.bukarest.balassiintezet.hu\/hu\/\" target=\"_blank\" class=\"elementor-button-link elementor-button elementor-size-md\" role=\"button\">\n\t\t\t\t\t\t<span class=\"elementor-button-content-wrapper\">\n\t\t\t\t\t\t<span class=\"elementor-button-icon elementor-align-icon-left\">\n\t\t\t\t<i aria-hidden=\"true\" class=\"fas fa-ticket-alt\"><\/i>\t\t\t<\/span>\n\t\t\t\t\t\t<span class=\"elementor-button-text\">Rezerv\u0103ri<\/span>\n\t\t<\/span>\n\t\t\t\t\t<\/a>\n\t\t<\/div>\n\t\t\t\t<\/div>\n\t\t\t\t<\/div>\n\t\t\t\t\t\t<\/div>\n\t\t\t\t\t<\/div>\n\t\t<\/div>\n\t\t\t\t\t\t\t\t<\/div>\n\t\t\t\t\t<\/div>\n\t\t<\/section>\n\t\t\t\t<section class=\"elementor-section elementor-top-section elementor-element elementor-element-7715a34d animated-fast elementor-section-boxed elementor-section-height-default elementor-section-height-default elementor-invisible\" data-id=\"7715a34d\" data-element_type=\"section\" data-settings=\"{&quot;animation&quot;:&quot;fadeIn&quot;,&quot;animation_delay&quot;:300}\">\n\t\t\t\t\t\t<div class=\"elementor-container elementor-column-gap-no\">\n\t\t\t\t\t\t\t<div class=\"elementor-row\">\n\t\t\t\t\t<div class=\"elementor-column elementor-col-66 elementor-top-column elementor-element elementor-element-34215092\" data-id=\"34215092\" data-element_type=\"column\">\n\t\t\t<div class=\"elementor-column-wrap elementor-element-populated\">\n\t\t\t\t\t\t\t<div class=\"elementor-widget-wrap\">\n\t\t\t\t\t\t<div class=\"elementor-element elementor-element-7d75350d elementor-widget elementor-widget-heading\" data-id=\"7d75350d\" data-element_type=\"widget\" data-widget_type=\"heading.default\">\n\t\t\t\t<div class=\"elementor-widget-container\">\n\t\t\t<h5 class=\"elementor-heading-title elementor-size-default\">Recital cameral Natalia Pancec & Adriana Toacsen kamaraestje<\/h5>\t\t<\/div>\n\t\t\t\t<\/div>\n\t\t\t\t<div class=\"elementor-element elementor-element-1ed81784 elementor-widget elementor-widget-text-editor\" data-id=\"1ed81784\" data-element_type=\"widget\" data-widget_type=\"text-editor.default\">\n\t\t\t\t<div class=\"elementor-widget-container\">\n\t\t\t\t\t\t\t\t<div class=\"elementor-text-editor elementor-clearfix\">\n\t\t\t\t\t\t\t\t\t<\/div>\n\t\t\t\t\t\t<\/div>\n\t\t\t\t<\/div>\n\t\t\t\t<div class=\"elementor-element elementor-element-c54f57b elementor-widget elementor-widget-text-editor\" data-id=\"c54f57b\" data-element_type=\"widget\" data-widget_type=\"text-editor.default\">\n\t\t\t\t<div class=\"elementor-widget-container\">\n\t\t\t\t\t\t\t\t<div class=\"elementor-text-editor elementor-clearfix\">\n\t\t\t\t<p>Al doilea recital organizat cu ocazia \u00eemplinirii a <b>75 de ani <\/b>de la dispari\u0163ia compozitorului maghiar <b>Bart\u00f3k B\u00e9la<\/b> face parte din proiectul institutului de a prezenta opusurile camerale violonistice ale celui comemorat.<br \/>Recitalul este sus\u0163inut de violonista Natalia Pancec \u015fi pianista Adriana Toacsen.<\/p>\t\t\t\t\t<\/div>\n\t\t\t\t\t\t<\/div>\n\t\t\t\t<\/div>\n\t\t\t\t<div class=\"elementor-element elementor-element-7748ca67 elementor-icon-list--layout-traditional elementor-list-item-link-full_width elementor-widget elementor-widget-icon-list\" data-id=\"7748ca67\" data-element_type=\"widget\" data-widget_type=\"icon-list.default\">\n\t\t\t\t<div class=\"elementor-widget-container\">\n\t\t\t\t\t<ul class=\"elementor-icon-list-items\">\n\t\t\t\t\t\t\t<li class=\"elementor-icon-list-item\">\n\t\t\t\t\t\t\t\t\t\t\t<span class=\"elementor-icon-list-icon\">\n\t\t\t\t\t\t\t<i aria-hidden=\"true\" class=\"far fa-user\"><\/i>\t\t\t\t\t\t<\/span>\n\t\t\t\t\t\t\t\t\t\t<span class=\"elementor-icon-list-text\"><b>Vioar\u0103:<\/b> Natalia Pancec<\/span>\n\t\t\t\t\t\t\t\t\t<\/li>\n\t\t\t\t\t\t\t\t<li class=\"elementor-icon-list-item\">\n\t\t\t\t\t\t\t\t\t\t\t<span class=\"elementor-icon-list-icon\">\n\t\t\t\t\t\t\t<i aria-hidden=\"true\" class=\"far fa-user\"><\/i>\t\t\t\t\t\t<\/span>\n\t\t\t\t\t\t\t\t\t\t<span class=\"elementor-icon-list-text\"><b>Pian: <\/b>Adriana Toacsen <\/span>\n\t\t\t\t\t\t\t\t\t<\/li>\n\t\t\t\t\t\t<\/ul>\n\t\t\t\t<\/div>\n\t\t\t\t<\/div>\n\t\t\t\t<div class=\"elementor-element elementor-element-72a17912 elementor-widget elementor-widget-heading\" data-id=\"72a17912\" data-element_type=\"widget\" data-widget_type=\"heading.default\">\n\t\t\t\t<div class=\"elementor-widget-container\">\n\t\t\t<h4 class=\"elementor-heading-title elementor-size-default\">PROGRAM<\/h4>\t\t<\/div>\n\t\t\t\t<\/div>\n\t\t\t\t<div class=\"elementor-element elementor-element-38aa7c1b elementor-icon-list--layout-traditional elementor-list-item-link-full_width elementor-widget elementor-widget-icon-list\" data-id=\"38aa7c1b\" data-element_type=\"widget\" data-widget_type=\"icon-list.default\">\n\t\t\t\t<div class=\"elementor-widget-container\">\n\t\t\t\t\t<ul class=\"elementor-icon-list-items\">\n\t\t\t\t\t\t\t<li class=\"elementor-icon-list-item\">\n\t\t\t\t\t\t\t\t\t\t\t<span class=\"elementor-icon-list-icon\">\n\t\t\t\t\t\t\t<i aria-hidden=\"true\" class=\"fas fa-music\"><\/i>\t\t\t\t\t\t<\/span>\n\t\t\t\t\t\t\t\t\t\t<span class=\"elementor-icon-list-text\"><b>Claude Debussy <\/b><i> \u2013 Sonata pentru vioar\u0103 \u0219i pian<\/i><\/span>\n\t\t\t\t\t\t\t\t\t<\/li>\n\t\t\t\t\t\t\t\t<li class=\"elementor-icon-list-item\">\n\t\t\t\t\t\t\t\t\t\t\t<span class=\"elementor-icon-list-icon\">\n\t\t\t\t\t\t\t<i aria-hidden=\"true\" class=\"fas fa-music\"><\/i>\t\t\t\t\t\t<\/span>\n\t\t\t\t\t\t\t\t\t\t<span class=\"elementor-icon-list-text\"><b>Kod\u00e1ly Zolt\u00e1n<\/b>  <i> \u2013 Adagio pentru vioar\u0103 \u0219i pian<\/i> <\/span>\n\t\t\t\t\t\t\t\t\t<\/li>\n\t\t\t\t\t\t\t\t<li class=\"elementor-icon-list-item\">\n\t\t\t\t\t\t\t\t\t\t\t<span class=\"elementor-icon-list-icon\">\n\t\t\t\t\t\t\t<i aria-hidden=\"true\" class=\"fas fa-music\"><\/i>\t\t\t\t\t\t<\/span>\n\t\t\t\t\t\t\t\t\t\t<span class=\"elementor-icon-list-text\"><b>Bart\u00f3k B\u00e9la<\/b> <i> \u2013  Sonata a doua pentru vioar\u0103 \u0219i pian<\/i><\/span>\n\t\t\t\t\t\t\t\t\t<\/li>\n\t\t\t\t\t\t\t\t<li class=\"elementor-icon-list-item\">\n\t\t\t\t\t\t\t\t\t\t\t<span class=\"elementor-icon-list-icon\">\n\t\t\t\t\t\t\t<i aria-hidden=\"true\" class=\"fas fa-music\"><\/i>\t\t\t\t\t\t<\/span>\n\t\t\t\t\t\t\t\t\t\t<span class=\"elementor-icon-list-text\"><b>George Enescu<\/b> <i> \u2013  Impromptu concertant<\/i><\/span>\n\t\t\t\t\t\t\t\t\t<\/li>\n\t\t\t\t\t\t\t\t<li class=\"elementor-icon-list-item\">\n\t\t\t\t\t\t\t\t\t\t\t<span class=\"elementor-icon-list-icon\">\n\t\t\t\t\t\t\t<i aria-hidden=\"true\" class=\"fas fa-music\"><\/i>\t\t\t\t\t\t<\/span>\n\t\t\t\t\t\t\t\t\t\t<span class=\"elementor-icon-list-text\"><b>Paul Constantinescu<\/b> <i> \u2013  Sonatina pentru vioar\u0103 \u0219i pian<\/i><\/span>\n\t\t\t\t\t\t\t\t\t<\/li>\n\t\t\t\t\t\t<\/ul>\n\t\t\t\t<\/div>\n\t\t\t\t<\/div>\n\t\t\t\t<div class=\"elementor-element elementor-element-208775c elementor-widget elementor-widget-text-editor\" data-id=\"208775c\" data-element_type=\"widget\" data-widget_type=\"text-editor.default\">\n\t\t\t\t<div class=\"elementor-widget-container\">\n\t\t\t\t\t\t\t\t<div class=\"elementor-text-editor elementor-clearfix\">\n\t\t\t\tBart\u00f3k B\u00e9la a fost pianist, nu a \u00eenv\u0103\u0163at s\u0103 c\u00e2nte la vioar\u0103, dar \u015ftia aproape totul despre acest instrument, c\u0103ci cu ocazia culegerilor de folclor nota cu minu\u0163iozitate fiecare sunet interpretat de violoni\u015ftii \u0163\u0103rani \u015fi, de asemenea, concerta adesea cu cei mai importan\u0163i violoni\u015fti ai vremii. Mul\u0163i dintre ace\u015ftia l-au inspirat \u00een compunerea unor lucr\u0103ri, precum renumitul pedagog german Erdich Doflein, la solicitarea c\u0103ruia a scris Bart\u00f3k cele 44 de duouri pentru vioar\u0103, o serie de lucr\u0103ri importante deopotriv\u0103 pentru \u015fcoala violonistic\u0103 \u015fi pentru exerci\u0163iul c\u00e2ntatului cameral.\nRapsodia nr. 1 a fost dedicat\u0103 violonistului Szigeti J\u00f3zsef, unul dintre prefera\u0163ii parteneri camerali ai lui Bart\u00f3k, cel care a contribuit \u015fi la na\u015fterea opusului intitulat Contraste, fiind intermediator \u00eentre compozitor \u015fi vestitul clarinetist jazzist american Benny Goodman.\nRapsodia nr. 2 a fost compus\u0103 pentru un alt violonist de talie mondial\u0103, Sz\u00e9kely Zolt\u00e1n, cel c\u0103ruia \u00eei dator\u0103m \u015fi transcrip\u0163ia pentru vioar\u0103 \u015fi pian a \u00eendr\u0103gitelor Dansuri rom\u00e2ne\u015fti.\nSonata solo pentru vioar\u0103, una din ultimele compozi\u0163ii ale lui Bart\u00f3k, o pies\u0103 reprezentativ\u0103 pentru arta muzical\u0103 abstract\u0103 (\u00een contrast cu cele men\u0163ionate mai \u00eenainte \u015fi care sunt de inspira\u0163ie folcloric\u0103), s-a n\u0103scut la cererea lui Yehudi Menuhin.\nDintre femeile care l-au inspirat pe Bart\u00f3k\u2013 \u00een afar\u0103 de marea iubire a compozitorului, violonista Geyer Stefi, pentru care a compus Concertul nr. 1 pentru vioar\u0103 \u015fi orchestr\u0103 \u2013 o men\u0163ion\u0103m pe Ar\u00e1nyi Jelly, o alt\u0103 \u201estea\u201d a violonisticii secolului XX, c\u0103ruia i-a dedicat cele dou\u0103 sonate pentru vioar\u0103 \u015fi pian, respectiv pe sora acesteia, Ar\u00e1nyi Adila, destinatara unui Andante din perioada de debut componistic a lui Bart\u00f3k B\u00e9la.\n\u00cen leg\u0103tur\u0103 cu Sonata pentru vioar\u0103 \u015fi pian nr. 2, care figureaz\u0103 \u00een programul acestei seri, trebuie s\u0103 men\u0163ion\u0103m faptul c\u0103 \u00een anul 1924 Bart\u00f3k B\u00e9la a sus\u0163inut dou\u0103 recitaluri \u00een Bucure\u015fti, la Palatul Sindicatului Ziari\u015ftilor (ast\u0103zi Teatrul Foarte Mic \u2013 B-dul Carol nr. 21). Primul a avut loc pe data de 19 octombrie, iar al doilea pe data de 20 octombrie. Acesta din urm\u0103 a fost organizat \u00een cinstea lui Bart\u00f3k de Societatea Compozitorilor Rom\u00e2ni, \u00eenfiin\u0163at\u0103 \u00een 1920 (deci exact cu 100 de ani \u00een urm\u0103), Bart\u00f3k fiind membru onorific al acestei societ\u0103\u0163i.\n\u00cen programul acestui recital printre alte opusuri bart\u00f3kiene a figurat \u015fi Sonata nr. 2 pentru vioar\u0103 \u015fi pian, \u00een interpretarea a doi dintre cei mai aprecia\u0163i instrumenti\u015fti ai timpului, George Enescu \u015fi Bart\u00f3k B\u00e9la. \t\t\t\t\t<\/div>\n\t\t\t\t\t\t<\/div>\n\t\t\t\t<\/div>\n\t\t\t\t\t\t<\/div>\n\t\t\t\t\t<\/div>\n\t\t<\/div>\n\t\t\t\t<div class=\"elementor-column elementor-col-33 elementor-top-column elementor-element elementor-element-97e01e6\" data-id=\"97e01e6\" data-element_type=\"column\">\n\t\t\t<div class=\"elementor-column-wrap elementor-element-populated\">\n\t\t\t\t\t\t\t<div class=\"elementor-widget-wrap\">\n\t\t\t\t\t\t<section class=\"elementor-section elementor-inner-section elementor-element elementor-element-7b53e507 elementor-section-boxed elementor-section-height-default elementor-section-height-default\" data-id=\"7b53e507\" data-element_type=\"section\">\n\t\t\t\t\t\t<div class=\"elementor-container elementor-column-gap-default\">\n\t\t\t\t\t\t\t<div class=\"elementor-row\">\n\t\t\t\t\t<div class=\"elementor-column elementor-col-33 elementor-inner-column elementor-element elementor-element-5cb0a4ab\" data-id=\"5cb0a4ab\" data-element_type=\"column\">\n\t\t\t<div class=\"elementor-column-wrap elementor-element-populated\">\n\t\t\t\t\t\t\t<div class=\"elementor-widget-wrap\">\n\t\t\t\t\t\t<div class=\"elementor-element elementor-element-82703ed elementor-view-default elementor-widget elementor-widget-icon\" data-id=\"82703ed\" data-element_type=\"widget\" data-widget_type=\"icon.default\">\n\t\t\t\t<div class=\"elementor-widget-container\">\n\t\t\t\t\t<div class=\"elementor-icon-wrapper\">\n\t\t\t<div class=\"elementor-icon\">\n\t\t\t\t\t\t\t<i class=\"fa fa-clock-o\" aria-hidden=\"true\"><\/i>\n\t\t\t\t\t\t<\/div>\n\t\t<\/div>\n\t\t\t\t<\/div>\n\t\t\t\t<\/div>\n\t\t\t\t\t\t<\/div>\n\t\t\t\t\t<\/div>\n\t\t<\/div>\n\t\t\t\t<div class=\"elementor-column elementor-col-66 elementor-inner-column elementor-element elementor-element-5fe6cde4\" data-id=\"5fe6cde4\" data-element_type=\"column\">\n\t\t\t<div class=\"elementor-column-wrap elementor-element-populated\">\n\t\t\t\t\t\t\t<div class=\"elementor-widget-wrap\">\n\t\t\t\t\t\t<div class=\"elementor-element elementor-element-5707b37c elementor-widget elementor-widget-heading\" data-id=\"5707b37c\" data-element_type=\"widget\" data-widget_type=\"heading.default\">\n\t\t\t\t<div class=\"elementor-widget-container\">\n\t\t\t<span class=\"elementor-heading-title elementor-size-default\">Luni, 19 Octombrie 2020<\/span>\t\t<\/div>\n\t\t\t\t<\/div>\n\t\t\t\t<div class=\"elementor-element elementor-element-4f55dd52 elementor-widget elementor-widget-heading\" data-id=\"4f55dd52\" data-element_type=\"widget\" data-widget_type=\"heading.default\">\n\t\t\t\t<div class=\"elementor-widget-container\">\n\t\t\t<span class=\"elementor-heading-title elementor-size-default\">19:00<\/span>\t\t<\/div>\n\t\t\t\t<\/div>\n\t\t\t\t\t\t<\/div>\n\t\t\t\t\t<\/div>\n\t\t<\/div>\n\t\t\t\t\t\t\t\t<\/div>\n\t\t\t\t\t<\/div>\n\t\t<\/section>\n\t\t\t\t<section class=\"elementor-section elementor-inner-section elementor-element elementor-element-543ee7b9 elementor-section-boxed elementor-section-height-default elementor-section-height-default\" data-id=\"543ee7b9\" data-element_type=\"section\">\n\t\t\t\t\t\t<div class=\"elementor-container elementor-column-gap-default\">\n\t\t\t\t\t\t\t<div class=\"elementor-row\">\n\t\t\t\t\t<div class=\"elementor-column elementor-col-33 elementor-inner-column elementor-element elementor-element-5e78d182\" data-id=\"5e78d182\" data-element_type=\"column\">\n\t\t\t<div class=\"elementor-column-wrap elementor-element-populated\">\n\t\t\t\t\t\t\t<div class=\"elementor-widget-wrap\">\n\t\t\t\t\t\t<div class=\"elementor-element elementor-element-34aa0402 elementor-view-default elementor-widget elementor-widget-icon\" data-id=\"34aa0402\" data-element_type=\"widget\" data-widget_type=\"icon.default\">\n\t\t\t\t<div class=\"elementor-widget-container\">\n\t\t\t\t\t<div class=\"elementor-icon-wrapper\">\n\t\t\t<div class=\"elementor-icon\">\n\t\t\t\t\t\t\t<i class=\"fa fa-map-o\" aria-hidden=\"true\"><\/i>\n\t\t\t\t\t\t<\/div>\n\t\t<\/div>\n\t\t\t\t<\/div>\n\t\t\t\t<\/div>\n\t\t\t\t\t\t<\/div>\n\t\t\t\t\t<\/div>\n\t\t<\/div>\n\t\t\t\t<div class=\"elementor-column elementor-col-66 elementor-inner-column elementor-element elementor-element-64e256b9\" data-id=\"64e256b9\" data-element_type=\"column\">\n\t\t\t<div class=\"elementor-column-wrap elementor-element-populated\">\n\t\t\t\t\t\t\t<div class=\"elementor-widget-wrap\">\n\t\t\t\t\t\t<div class=\"elementor-element elementor-element-429ce410 elementor-widget elementor-widget-heading\" data-id=\"429ce410\" data-element_type=\"widget\" data-widget_type=\"heading.default\">\n\t\t\t\t<div class=\"elementor-widget-container\">\n\t\t\t<span class=\"elementor-heading-title elementor-size-default\"><a href=\"https:\/\/www.google.com\/maps\/place\/Ateneul+Rom%C3%A2n\/@44.441324,26.0950905,17z\/data=!3m1!4b1!4m5!3m4!1s0x40b1ff4f6e6d7997:0x5a73af5fe07876f2!8m2!3d44.4413202!4d26.0972792\" target=\"_blank\">Institutul Cultural Maghiar Bucure\u0219ti<\/a><\/span>\t\t<\/div>\n\t\t\t\t<\/div>\n\t\t\t\t<div class=\"elementor-element elementor-element-79f83974 elementor-widget elementor-widget-heading\" data-id=\"79f83974\" data-element_type=\"widget\" data-widget_type=\"heading.default\">\n\t\t\t\t<div class=\"elementor-widget-container\">\n\t\t\t<span class=\"elementor-heading-title elementor-size-default\">Str. Gina Patrichi (fosta Orlando), nr.8, Bucharest<\/span>\t\t<\/div>\n\t\t\t\t<\/div>\n\t\t\t\t\t\t<\/div>\n\t\t\t\t\t<\/div>\n\t\t<\/div>\n\t\t\t\t\t\t\t\t<\/div>\n\t\t\t\t\t<\/div>\n\t\t<\/section>\n\t\t\t\t<section class=\"elementor-section elementor-inner-section elementor-element elementor-element-126d7c4d elementor-section-boxed elementor-section-height-default elementor-section-height-default\" data-id=\"126d7c4d\" data-element_type=\"section\">\n\t\t\t\t\t\t<div class=\"elementor-container elementor-column-gap-default\">\n\t\t\t\t\t\t\t<div class=\"elementor-row\">\n\t\t\t\t\t<div class=\"elementor-column elementor-col-100 elementor-inner-column elementor-element elementor-element-4ac094de\" data-id=\"4ac094de\" data-element_type=\"column\">\n\t\t\t<div class=\"elementor-column-wrap elementor-element-populated\">\n\t\t\t\t\t\t\t<div class=\"elementor-widget-wrap\">\n\t\t\t\t\t\t<div class=\"elementor-element elementor-element-3bd489ec elementor-widget elementor-widget-google_maps\" data-id=\"3bd489ec\" data-element_type=\"widget\" data-widget_type=\"google_maps.default\">\n\t\t\t\t<div class=\"elementor-widget-container\">\n\t\t\t\t\t<div class=\"elementor-custom-embed\">\n\t\t\t<iframe frameborder=\"0\" scrolling=\"no\" marginheight=\"0\" marginwidth=\"0\"\n\t\t\t\t\tsrc=\"https:\/\/maps.google.com\/maps?q=Str.%20Gina%20Patrichi%20%28fosta%20Orlando%29%2C%20nr.8%2C%20Bucharest&#038;t=m&#038;z=14&#038;output=embed&#038;iwloc=near\"\n\t\t\t\t\ttitle=\"Str. Gina Patrichi (fosta Orlando), nr.8, Bucharest\"\n\t\t\t\t\taria-label=\"Str. Gina Patrichi (fosta Orlando), nr.8, Bucharest\"\n\t\t\t><\/iframe>\n\t\t<\/div>\n\t\t\t\t<\/div>\n\t\t\t\t<\/div>\n\t\t\t\t\t\t<\/div>\n\t\t\t\t\t<\/div>\n\t\t<\/div>\n\t\t\t\t\t\t\t\t<\/div>\n\t\t\t\t\t<\/div>\n\t\t<\/section>\n\t\t\t\t\t\t<\/div>\n\t\t\t\t\t<\/div>\n\t\t<\/div>\n\t\t\t\t\t\t\t\t<\/div>\n\t\t\t\t\t<\/div>\n\t\t<\/section>\n\t\t\t\t<section class=\"elementor-section elementor-top-section elementor-element elementor-element-3d7dc498 headline elementor-section-boxed elementor-section-height-default elementor-section-height-default\" data-id=\"3d7dc498\" data-element_type=\"section\">\n\t\t\t\t\t\t<div class=\"elementor-container elementor-column-gap-default\">\n\t\t\t\t\t\t\t<div class=\"elementor-row\">\n\t\t\t\t\t<div class=\"elementor-column elementor-col-100 elementor-top-column elementor-element elementor-element-a3aa622\" data-id=\"a3aa622\" data-element_type=\"column\">\n\t\t\t<div class=\"elementor-column-wrap elementor-element-populated\">\n\t\t\t\t\t\t\t<div class=\"elementor-widget-wrap\">\n\t\t\t\t\t\t<div class=\"elementor-element elementor-element-52bd8782 animated-fast elementor-invisible elementor-widget elementor-widget-heading\" data-id=\"52bd8782\" data-element_type=\"widget\" data-settings=\"{&quot;_animation&quot;:&quot;fadeInUp&quot;}\" data-widget_type=\"heading.default\">\n\t\t\t\t<div class=\"elementor-widget-container\">\n\t\t\t<span class=\"elementor-heading-title elementor-size-default\">Alte<\/span>\t\t<\/div>\n\t\t\t\t<\/div>\n\t\t\t\t<div class=\"elementor-element elementor-element-5d85b335 animated-fast elementor-invisible elementor-widget elementor-widget-heading\" data-id=\"5d85b335\" data-element_type=\"widget\" data-settings=\"{&quot;_animation&quot;:&quot;fadeInUp&quot;,&quot;_animation_delay&quot;:200}\" data-widget_type=\"heading.default\">\n\t\t\t\t<div class=\"elementor-widget-container\">\n\t\t\t<h1 class=\"elementor-heading-title elementor-size-default\">Evenimente<\/h1>\t\t<\/div>\n\t\t\t\t<\/div>\n\t\t\t\t\t\t<\/div>\n\t\t\t\t\t<\/div>\n\t\t<\/div>\n\t\t\t\t\t\t\t\t<\/div>\n\t\t\t\t\t<\/div>\n\t\t<\/section>\n\t\t\t\t<section class=\"elementor-section elementor-top-section elementor-element elementor-element-34ede7b5 elementor-section-boxed elementor-section-height-default elementor-section-height-default\" data-id=\"34ede7b5\" data-element_type=\"section\">\n\t\t\t\t\t\t<div class=\"elementor-container elementor-column-gap-default\">\n\t\t\t\t\t\t\t<div class=\"elementor-row\">\n\t\t\t\t\t<div class=\"elementor-column elementor-col-100 elementor-top-column elementor-element elementor-element-44e416fb\" data-id=\"44e416fb\" data-element_type=\"column\">\n\t\t\t<div class=\"elementor-column-wrap elementor-element-populated\">\n\t\t\t\t\t\t\t<div class=\"elementor-widget-wrap\">\n\t\t\t\t\t\t<div class=\"elementor-element elementor-element-7ab9688f animated-fast elementor-invisible elementor-widget elementor-widget-photographer-album-grid\" data-id=\"7ab9688f\" data-element_type=\"widget\" data-settings=\"{&quot;_animation&quot;:&quot;fadeIn&quot;,&quot;_animation_delay&quot;:250}\" data-widget_type=\"photographer-album-grid.default\">\n\t\t\t\t<div class=\"elementor-widget-container\">\n\t\t\t<div class=\"gallery_grid_content_wrapper album_grid layout_tg_three_cols \">\n\t\t<a href=\"https:\/\/www.nataliapancec.ro\/index.php\/concert-aniversar-jean-lupu\/\" target=&quot;_blank&quot; class=\"gallery_grid_item tg_three_cols  tilter tilter--5\">\n\t\t\t<figure class=\"tilter__figure\">\n\t\t\t\t<img class=\"tilter__image\" src=\"https:\/\/www.nataliapancec.ro\/wp-content\/uploads\/2020\/03\/preview-concert-aniversar-660x913.jpg\" alt=\"\" \/>\n\t\t\t\t\t\t\t\t<div class=\"tilter__deco tilter__deco--overlay\"><\/div>\n\t\t\t\t\t\n\t\t\t\t<figcaption class=\"tilter__caption\">\n\t\t\t\t\t<h3 class=\"tilter__title\">Concert Aniversar JEAN LUPU<\/h3>\n\t\t\t\t\t<p class=\"tilter__description\">7 Martie 2020 | 18:30 - 21:00<\/p>\n\t\t\t\t<\/figcaption>\n\t\t\t\t\n\t\t\t\t\t\t\t\t<svg class=\"tilter__deco tilter__deco--lines\" viewBox=\"0 0 300 415\">\n\t\t\t\t\t<path d=\"M20.5,20.5h260v375h-260V20.5z\" \/>\n\t\t\t\t<\/svg>\n\t\t\t\t\t\t\t<\/figure>\n\t\t<\/a>\n\t\t<a href=\"https:\/\/www.nataliapancec.ro\/index.php\/2020\/03\/05\/concert-simfonic\/\" target=&quot;_blank&quot; class=\"gallery_grid_item tg_three_cols  tilter tilter--5\">\n\t\t\t<figure class=\"tilter__figure\">\n\t\t\t\t<img class=\"tilter__image\" src=\"https:\/\/www.nataliapancec.ro\/wp-content\/uploads\/2020\/04\/Dirijor-DAVID-GIMENEZ-CARRERAS-Natalia-pancec-vertical-1-660x913.jpg\" alt=\"\" \/>\n\t\t\t\t\t\t\t\t<div class=\"tilter__deco tilter__deco--overlay\"><\/div>\n\t\t\t\t\t\n\t\t\t\t<figcaption class=\"tilter__caption\">\n\t\t\t\t\t<h3 class=\"tilter__title\">Concert simfonic<\/h3>\n\t\t\t\t\t<p class=\"tilter__description\">5 - 6 Martie 2020 | 19:00 - 21:00<\/p>\n\t\t\t\t<\/figcaption>\n\t\t\t\t\n\t\t\t\t\t\t\t\t<svg class=\"tilter__deco tilter__deco--lines\" viewBox=\"0 0 300 415\">\n\t\t\t\t\t<path d=\"M20.5,20.5h260v375h-260V20.5z\" \/>\n\t\t\t\t<\/svg>\n\t\t\t\t\t\t\t<\/figure>\n\t\t<\/a>\n\t\t<a href=\"https:\/\/www.nataliapancec.ro\/index.php\/2020\/07\/27\/festivalul-mozartissimo-recital-de-sonate-pentru-pian-si-vioara-de-mozart\/\" target=&quot;_blank&quot; class=\"gallery_grid_item tg_three_cols last tilter tilter--5\">\n\t\t\t<figure class=\"tilter__figure\">\n\t\t\t\t<img class=\"tilter__image\" src=\"https:\/\/www.nataliapancec.ro\/wp-content\/uploads\/2020\/07\/poza-cu-Adriana-660x913.jpg\" alt=\"\" \/>\n\t\t\t\t\t\t\t\t<div class=\"tilter__deco tilter__deco--overlay\"><\/div>\n\t\t\t\t\t\n\t\t\t\t<figcaption class=\"tilter__caption\">\n\t\t\t\t\t<h3 class=\"tilter__title\">Recital de sonate - Mozart<\/h3>\n\t\t\t\t\t<p class=\"tilter__description\">17 Iulie 2020 | 20:30<\/p>\n\t\t\t\t<\/figcaption>\n\t\t\t\t\n\t\t\t\t\t\t\t\t<svg class=\"tilter__deco tilter__deco--lines\" viewBox=\"0 0 300 415\">\n\t\t\t\t\t<path d=\"M20.5,20.5h260v375h-260V20.5z\" \/>\n\t\t\t\t<\/svg>\n\t\t\t\t\t\t\t<\/figure>\n\t\t<\/a>\n<br class=\"clear\"\/>\n<\/div>\n\t\t<\/div>\n\t\t\t\t<\/div>\n\t\t\t\t\t\t<\/div>\n\t\t\t\t\t<\/div>\n\t\t<\/div>\n\t\t\t\t\t\t\t\t<\/div>\n\t\t\t\t\t<\/div>\n\t\t<\/section>\n\t\t\t\t\t\t<\/div>\n\t\t\t\t\t\t<\/div>\n\t\t\t\t\t<\/div>\n\t\t","protected":false},"excerpt":{"rendered":"<p>19 Octombrie 2020 Institutul Cultural Maghiar Bucure\u0219ti Str. Gina Patrichi (fosta Orlando), nr.8, Bucharest Rezerv\u0103ri Recital cameral Natalia Pancec &amp; Adriana Toacsen kamaraestje Al doilea recital organizat cu ocazia \u00eemplinirii a 75 de ani de la dispari\u0163ia compozitorului maghiar Bart\u00f3k [&hellip;]<\/p>\n","protected":false},"author":2,"featured_media":4150,"comment_status":"closed","ping_status":"open","sticky":false,"template":"","format":"standard","meta":[],"categories":[40],"tags":[],"_links":{"self":[{"href":"https:\/\/www.nataliapancec.ro\/index.php\/wp-json\/wp\/v2\/posts\/4149"}],"collection":[{"href":"https:\/\/www.nataliapancec.ro\/index.php\/wp-json\/wp\/v2\/posts"}],"about":[{"href":"https:\/\/www.nataliapancec.ro\/index.php\/wp-json\/wp\/v2\/types\/post"}],"author":[{"embeddable":true,"href":"https:\/\/www.nataliapancec.ro\/index.php\/wp-json\/wp\/v2\/users\/2"}],"replies":[{"embeddable":true,"href":"https:\/\/www.nataliapancec.ro\/index.php\/wp-json\/wp\/v2\/comments?post=4149"}],"version-history":[{"count":12,"href":"https:\/\/www.nataliapancec.ro\/index.php\/wp-json\/wp\/v2\/posts\/4149\/revisions"}],"predecessor-version":[{"id":4199,"href":"https:\/\/www.nataliapancec.ro\/index.php\/wp-json\/wp\/v2\/posts\/4149\/revisions\/4199"}],"wp:featuredmedia":[{"embeddable":true,"href":"https:\/\/www.nataliapancec.ro\/index.php\/wp-json\/wp\/v2\/media\/4150"}],"wp:attachment":[{"href":"https:\/\/www.nataliapancec.ro\/index.php\/wp-json\/wp\/v2\/media?parent=4149"}],"wp:term":[{"taxonomy":"category","embeddable":true,"href":"https:\/\/www.nataliapancec.ro\/index.php\/wp-json\/wp\/v2\/categories?post=4149"},{"taxonomy":"post_tag","embeddable":true,"href":"https:\/\/www.nataliapancec.ro\/index.php\/wp-json\/wp\/v2\/tags?post=4149"}],"curies":[{"name":"wp","href":"https:\/\/api.w.org\/{rel}","templated":true}]}}